{"id":2127,"date":"2024-02-19T09:59:32","date_gmt":"2024-02-19T09:59:32","guid":{"rendered":"https:\/\/www.idiomas-eugeniasgenius.com\/?p=2127"},"modified":"2024-02-19T09:59:33","modified_gmt":"2024-02-19T09:59:33","slug":"un-campamento-para-encontrar-tu-vocacion","status":"publish","type":"post","link":"https:\/\/www.idiomas-eugeniasgenius.com\/en\/un-campamento-para-encontrar-tu-vocacion\/","title":{"rendered":"UN CAMPAMENTO PARA ENCONTRAR TU VOCACI\u00d3N"},"content":{"rendered":"<!-- wp:themify-builder\/canvas \/-->\n\n\n<h2 class=\"wp-block-heading has-medium-font-size\">\u00bfQU\u00c9 ES SUMMER CAMPUS UFV?<\/h2>\n\n\n\n<p>\u00a0Summer Campus UFV es un programa de orientaci\u00f3n vocacional que tiene lugar la semana del 24 al 28 de junio en la Universidad Francisco de Vitoria. Este programa pretende movilizar a sus alumnos en la b\u00fasqueda de su vocaci\u00f3n, d\u00e1ndoles la oportunidad de vivir la experiencia universitaria y profundizar en la realidad de las diferentes carreras.<\/p>\n\n\n\n<p>La palabra vocaci\u00f3n procede del verbo lat\u00edn vocare que significa \u201cuna llamada que viene desde nuestro interior para poner nuestra voz en acci\u00f3n\u201d. Al seguir nuestra vocaci\u00f3n, lo que hacemos en la vida se convierte en un reflejo de quienes hemos descubierto que somos.&nbsp;<strong>La vocaci\u00f3n conecta de forma directa con valores fundamentales<\/strong>&nbsp;como el altruismo, la generosidad, la tolerancia o la honestidad.<\/p>\n\n\n\n<figure class=\"wp-block-embed is-type-video is-provider-youtube wp-block-embed-youtube wp-embed-aspect-16-9 wp-has-aspect-ratio\"><div class=\"wp-block-embed__wrapper\">\n<div class=\"post-video\"><iframe loading=\"lazy\" title=\"Summer Campus UFV - 2022\" width=\"1165\" height=\"655\" src=\"https:\/\/www.youtube.com\/embed\/AEGX5EV1jpY?feature=oembed\" frameborder=\"0\" allow=\"accelerometer; autoplay; clipboard-write; encrypted-media; gyroscope; picture-in-picture; web-share\" allowfullscreen><\/iframe><\/div>\n<\/div><\/figure>\n\n\n\n<p>Movilizar a los alumnos en la b\u00fasqueda de su vocaci\u00f3n d\u00e1ndoles la oportunidad de&nbsp;<strong>vivir la experiencia universitaria<\/strong>&nbsp;profundizando en la realidad de las diferentes \u00e1reas del conocimiento y titulaciones es lo que mueve a Academia Eugenia-genius a recomendar este campamento.<\/p>\n\n\n\n<p>Los alumnos realizar\u00e1n talleres pr\u00e1cticos, visitas a empresas y encuentros con profesionales en activo para vivir de cerca la realidad de su futuro profesional.&nbsp;<\/p>\n\n\n\n<p>Entendemos el paso por la Universidad como un camino de&nbsp;descubrimiento y crecimiento tanto personal como profesional&nbsp;en el que es fundamental que los alumnos se sientan acompa\u00f1ados. Consideramos, para ello, que la orientaci\u00f3n vocacional es una herramienta clave del proceso.<\/p>\n\n\n\n<p>Para m\u00e1s informaci\u00f3n <a href=\"https:\/\/www.idiomas-eugeniasgenius.com\/en\/contacto\/\">contactar con nosotros<\/a>, o con Cristina S\u00e1nchez, responsable del programa en la Universidad de Madrid (34-629140118)<\/p>\n\n\n\n<p>Tu futuro te espera.<\/p>","protected":false},"excerpt":{"rendered":"<p>\u00bfQU\u00c9 ES SUMMER CAMPUS UFV? \u00a0Summer Campus UFV es un programa de orientaci\u00f3n vocacional que tiene lugar la semana del 24 al 28 de junio en la Universidad Francisco de Vitoria. Este programa pretende movilizar a sus alumnos en la b\u00fasqueda de su vocaci\u00f3n, d\u00e1ndoles la oportunidad de vivir la experiencia universitaria y profundizar en [&hellip;]<\/p>\n","protected":false},"author":1,"featured_media":2133,"comment_status":"closed","ping_status":"closed","sticky":false,"template":"","format":"standard","meta":{"footnotes":""},"categories":[13],"tags":[],"class_list":["post-2127","post","type-post","status-publish","format-standard","has-post-thumbnail","hentry","category-articulo","has-post-title","has-post-date","has-post-category","has-post-tag","has-post-comment","has-post-author",""],"yoast_head":"<!-- This site is optimized with the Yoast SEO plugin v27.4 - https:\/\/yoast.com\/product\/yoast-seo-wordpress\/ -->\n<title>UN CAMPAMENTO PARA ENCONTRAR TU VOCACI\u00d3N - Escuela de Idiomas en El Ejido<\/title>\n<meta name=\"description\" content=\"\u00a0Summer Campus UFV es un programa de orientaci\u00f3n vocacional que tiene lugar la semana del 24 al 28 de junio en la Universidad Francisco de Vitoria.\" \/>\n<meta name=\"robots\" content=\"index, follow, max-snippet:-1, max-image-preview:large, max-video-preview:-1\" \/>\n<link rel=\"canonical\" href=\"https:\/\/www.idiomas-eugeniasgenius.com\/en\/un-campamento-para-encontrar-tu-vocacion\/\" \/>\n<meta property=\"og:locale\" content=\"en_GB\" \/>\n<meta property=\"og:type\" content=\"article\" \/>\n<meta property=\"og:title\" content=\"UN CAMPAMENTO PARA ENCONTRAR TU VOCACI\u00d3N\" \/>\n<meta property=\"og:description\" content=\"Summer Campus UFV es un programa de orientaci\u00f3n vocacional que tiene lugar la semana del 24 al 28 de junio en la Universidad Francisco de Vitoria. Este programa pretende movilizar a sus alumnos en la b\u00fasqueda de su vocaci\u00f3n, d\u00e1ndoles la oportunidad de vivir la experiencia universitaria y profundizar en la realidad de las diferentes carreras.\" \/>\n<meta property=\"og:url\" content=\"https:\/\/www.idiomas-eugeniasgenius.com\/en\/un-campamento-para-encontrar-tu-vocacion\/\" \/>\n<meta property=\"og:site_name\" content=\"Escuela de Idiomas en El Ejido\" \/>\n<meta property=\"article:publisher\" content=\"https:\/\/www.youtube.com\/@adminEugenius\" \/>\n<meta property=\"article:published_time\" content=\"2024-02-19T09:59:32+00:00\" \/>\n<meta property=\"article:modified_time\" content=\"2024-02-19T09:59:33+00:00\" \/>\n<meta property=\"og:image\" content=\"https:\/\/www.idiomas-eugeniasgenius.com\/wp-content\/uploads\/2024\/02\/intro-campsummer.jpg\" \/>\n\t<meta property=\"og:image:width\" content=\"1046\" \/>\n\t<meta property=\"og:image:height\" content=\"582\" \/>\n\t<meta property=\"og:image:type\" content=\"image\/jpeg\" \/>\n<meta name=\"twitter:card\" content=\"summary_large_image\" \/>\n<meta name=\"twitter:label1\" content=\"Written by\" \/>\n\t<meta name=\"twitter:data1\" content=\"\" \/>\n\t<meta name=\"twitter:label2\" content=\"Estimated reading time\" \/>\n\t<meta name=\"twitter:data2\" content=\"2 minutes\" \/>\n<script type=\"application\/ld+json\" class=\"yoast-schema-graph\">{\"@context\":\"https:\\\/\\\/schema.org\",\"@graph\":[{\"@type\":\"Article\",\"@id\":\"https:\\\/\\\/www.idiomas-eugeniasgenius.com\\\/un-campamento-para-encontrar-tu-vocacion\\\/#article\",\"isPartOf\":{\"@id\":\"https:\\\/\\\/www.idiomas-eugeniasgenius.com\\\/un-campamento-para-encontrar-tu-vocacion\\\/\"},\"author\":{\"name\":\"\",\"@id\":\"\"},\"headline\":\"UN CAMPAMENTO PARA ENCONTRAR TU VOCACI\u00d3N\",\"datePublished\":\"2024-02-19T09:59:32+00:00\",\"dateModified\":\"2024-02-19T09:59:33+00:00\",\"mainEntityOfPage\":{\"@id\":\"https:\\\/\\\/www.idiomas-eugeniasgenius.com\\\/un-campamento-para-encontrar-tu-vocacion\\\/\"},\"wordCount\":293,\"image\":{\"@id\":\"https:\\\/\\\/www.idiomas-eugeniasgenius.com\\\/un-campamento-para-encontrar-tu-vocacion\\\/#primaryimage\"},\"thumbnailUrl\":\"https:\\\/\\\/www.idiomas-eugeniasgenius.com\\\/wp-content\\\/uploads\\\/2024\\\/02\\\/intro-campsummer.jpg\",\"articleSection\":[\"Art\u00edculos\"],\"inLanguage\":\"en-GB\"},{\"@type\":\"WebPage\",\"@id\":\"https:\\\/\\\/www.idiomas-eugeniasgenius.com\\\/un-campamento-para-encontrar-tu-vocacion\\\/\",\"url\":\"https:\\\/\\\/www.idiomas-eugeniasgenius.com\\\/un-campamento-para-encontrar-tu-vocacion\\\/\",\"name\":\"UN CAMPAMENTO PARA ENCONTRAR TU VOCACI\u00d3N - Escuela de Idiomas en El Ejido\",\"isPartOf\":{\"@id\":\"https:\\\/\\\/www.idiomas-eugeniasgenius.com\\\/#website\"},\"primaryImageOfPage\":{\"@id\":\"https:\\\/\\\/www.idiomas-eugeniasgenius.com\\\/un-campamento-para-encontrar-tu-vocacion\\\/#primaryimage\"},\"image\":{\"@id\":\"https:\\\/\\\/www.idiomas-eugeniasgenius.com\\\/un-campamento-para-encontrar-tu-vocacion\\\/#primaryimage\"},\"thumbnailUrl\":\"https:\\\/\\\/www.idiomas-eugeniasgenius.com\\\/wp-content\\\/uploads\\\/2024\\\/02\\\/intro-campsummer.jpg\",\"datePublished\":\"2024-02-19T09:59:32+00:00\",\"dateModified\":\"2024-02-19T09:59:33+00:00\",\"author\":{\"@id\":\"\"},\"description\":\"\u00a0Summer Campus UFV es un programa de orientaci\u00f3n vocacional que tiene lugar la semana del 24 al 28 de junio en la Universidad Francisco de Vitoria.\",\"breadcrumb\":{\"@id\":\"https:\\\/\\\/www.idiomas-eugeniasgenius.com\\\/un-campamento-para-encontrar-tu-vocacion\\\/#breadcrumb\"},\"inLanguage\":\"en-GB\",\"potentialAction\":[{\"@type\":\"ReadAction\",\"target\":[\"https:\\\/\\\/www.idiomas-eugeniasgenius.com\\\/un-campamento-para-encontrar-tu-vocacion\\\/\"]}]},{\"@type\":\"ImageObject\",\"inLanguage\":\"en-GB\",\"@id\":\"https:\\\/\\\/www.idiomas-eugeniasgenius.com\\\/un-campamento-para-encontrar-tu-vocacion\\\/#primaryimage\",\"url\":\"https:\\\/\\\/www.idiomas-eugeniasgenius.com\\\/wp-content\\\/uploads\\\/2024\\\/02\\\/intro-campsummer.jpg\",\"contentUrl\":\"https:\\\/\\\/www.idiomas-eugeniasgenius.com\\\/wp-content\\\/uploads\\\/2024\\\/02\\\/intro-campsummer.jpg\",\"width\":1046,\"height\":582,\"caption\":\"UN CAMPAMENTO PARA ENCONTRAR TU VOCACI\u00d3N\"},{\"@type\":\"BreadcrumbList\",\"@id\":\"https:\\\/\\\/www.idiomas-eugeniasgenius.com\\\/un-campamento-para-encontrar-tu-vocacion\\\/#breadcrumb\",\"itemListElement\":[{\"@type\":\"ListItem\",\"position\":1,\"name\":\"Portada\",\"item\":\"https:\\\/\\\/www.idiomas-eugeniasgenius.com\\\/es_es\\\/\"},{\"@type\":\"ListItem\",\"position\":2,\"name\":\"UN CAMPAMENTO PARA ENCONTRAR TU VOCACI\u00d3N\"}]},{\"@type\":\"WebSite\",\"@id\":\"https:\\\/\\\/www.idiomas-eugeniasgenius.com\\\/#website\",\"url\":\"https:\\\/\\\/www.idiomas-eugeniasgenius.com\\\/\",\"name\":\"Escuela de Idiomas en El Ejido\",\"description\":\"Escuela de idiomas en El Ejido\",\"alternateName\":\"Eugenias Genius\",\"potentialAction\":[{\"@type\":\"SearchAction\",\"target\":{\"@type\":\"EntryPoint\",\"urlTemplate\":\"https:\\\/\\\/www.idiomas-eugeniasgenius.com\\\/?s={search_term_string}\"},\"query-input\":{\"@type\":\"PropertyValueSpecification\",\"valueRequired\":true,\"valueName\":\"search_term_string\"}}],\"inLanguage\":\"en-GB\"},{\"@type\":\"Person\",\"@id\":\"\",\"url\":\"https:\\\/\\\/www.idiomas-eugeniasgenius.com\\\/en\\\/author\\\/\"}]}<\/script>\n<!-- \/ Yoast SEO plugin. -->","yoast_head_json":{"title":"UN CAMPAMENTO PARA ENCONTRAR TU VOCACI\u00d3N - Escuela de Idiomas en El Ejido","description":"\u00a0Summer Campus UFV es un programa de orientaci\u00f3n vocacional que tiene lugar la semana del 24 al 28 de junio en la Universidad Francisco de Vitoria.","robots":{"index":"index","follow":"follow","max-snippet":"max-snippet:-1","max-image-preview":"max-image-preview:large","max-video-preview":"max-video-preview:-1"},"canonical":"https:\/\/www.idiomas-eugeniasgenius.com\/en\/un-campamento-para-encontrar-tu-vocacion\/","og_locale":"en_GB","og_type":"article","og_title":"UN CAMPAMENTO PARA ENCONTRAR TU VOCACI\u00d3N","og_description":"Summer Campus UFV es un programa de orientaci\u00f3n vocacional que tiene lugar la semana del 24 al 28 de junio en la Universidad Francisco de Vitoria. Este programa pretende movilizar a sus alumnos en la b\u00fasqueda de su vocaci\u00f3n, d\u00e1ndoles la oportunidad de vivir la experiencia universitaria y profundizar en la realidad de las diferentes carreras.","og_url":"https:\/\/www.idiomas-eugeniasgenius.com\/en\/un-campamento-para-encontrar-tu-vocacion\/","og_site_name":"Escuela de Idiomas en El Ejido","article_publisher":"https:\/\/www.youtube.com\/@adminEugenius","article_published_time":"2024-02-19T09:59:32+00:00","article_modified_time":"2024-02-19T09:59:33+00:00","og_image":[{"width":1046,"height":582,"url":"https:\/\/www.idiomas-eugeniasgenius.com\/wp-content\/uploads\/2024\/02\/intro-campsummer.jpg","type":"image\/jpeg"}],"twitter_card":"summary_large_image","twitter_misc":{"Written by":"","Estimated reading time":"2 minutes"},"schema":{"@context":"https:\/\/schema.org","@graph":[{"@type":"Article","@id":"https:\/\/www.idiomas-eugeniasgenius.com\/un-campamento-para-encontrar-tu-vocacion\/#article","isPartOf":{"@id":"https:\/\/www.idiomas-eugeniasgenius.com\/un-campamento-para-encontrar-tu-vocacion\/"},"author":{"name":"","@id":""},"headline":"UN CAMPAMENTO PARA ENCONTRAR TU VOCACI\u00d3N","datePublished":"2024-02-19T09:59:32+00:00","dateModified":"2024-02-19T09:59:33+00:00","mainEntityOfPage":{"@id":"https:\/\/www.idiomas-eugeniasgenius.com\/un-campamento-para-encontrar-tu-vocacion\/"},"wordCount":293,"image":{"@id":"https:\/\/www.idiomas-eugeniasgenius.com\/un-campamento-para-encontrar-tu-vocacion\/#primaryimage"},"thumbnailUrl":"https:\/\/www.idiomas-eugeniasgenius.com\/wp-content\/uploads\/2024\/02\/intro-campsummer.jpg","articleSection":["Art\u00edculos"],"inLanguage":"en-GB"},{"@type":"WebPage","@id":"https:\/\/www.idiomas-eugeniasgenius.com\/un-campamento-para-encontrar-tu-vocacion\/","url":"https:\/\/www.idiomas-eugeniasgenius.com\/un-campamento-para-encontrar-tu-vocacion\/","name":"UN CAMPAMENTO PARA ENCONTRAR TU VOCACI\u00d3N - Escuela de Idiomas en El Ejido","isPartOf":{"@id":"https:\/\/www.idiomas-eugeniasgenius.com\/#website"},"primaryImageOfPage":{"@id":"https:\/\/www.idiomas-eugeniasgenius.com\/un-campamento-para-encontrar-tu-vocacion\/#primaryimage"},"image":{"@id":"https:\/\/www.idiomas-eugeniasgenius.com\/un-campamento-para-encontrar-tu-vocacion\/#primaryimage"},"thumbnailUrl":"https:\/\/www.idiomas-eugeniasgenius.com\/wp-content\/uploads\/2024\/02\/intro-campsummer.jpg","datePublished":"2024-02-19T09:59:32+00:00","dateModified":"2024-02-19T09:59:33+00:00","author":{"@id":""},"description":"\u00a0Summer Campus UFV es un programa de orientaci\u00f3n vocacional que tiene lugar la semana del 24 al 28 de junio en la Universidad Francisco de Vitoria.","breadcrumb":{"@id":"https:\/\/www.idiomas-eugeniasgenius.com\/un-campamento-para-encontrar-tu-vocacion\/#breadcrumb"},"inLanguage":"en-GB","potentialAction":[{"@type":"ReadAction","target":["https:\/\/www.idiomas-eugeniasgenius.com\/un-campamento-para-encontrar-tu-vocacion\/"]}]},{"@type":"ImageObject","inLanguage":"en-GB","@id":"https:\/\/www.idiomas-eugeniasgenius.com\/un-campamento-para-encontrar-tu-vocacion\/#primaryimage","url":"https:\/\/www.idiomas-eugeniasgenius.com\/wp-content\/uploads\/2024\/02\/intro-campsummer.jpg","contentUrl":"https:\/\/www.idiomas-eugeniasgenius.com\/wp-content\/uploads\/2024\/02\/intro-campsummer.jpg","width":1046,"height":582,"caption":"UN CAMPAMENTO PARA ENCONTRAR TU VOCACI\u00d3N"},{"@type":"BreadcrumbList","@id":"https:\/\/www.idiomas-eugeniasgenius.com\/un-campamento-para-encontrar-tu-vocacion\/#breadcrumb","itemListElement":[{"@type":"ListItem","position":1,"name":"Portada","item":"https:\/\/www.idiomas-eugeniasgenius.com\/es_es\/"},{"@type":"ListItem","position":2,"name":"UN CAMPAMENTO PARA ENCONTRAR TU VOCACI\u00d3N"}]},{"@type":"WebSite","@id":"https:\/\/www.idiomas-eugeniasgenius.com\/#website","url":"https:\/\/www.idiomas-eugeniasgenius.com\/","name":"Escuela de Idiomas en El Ejido","description":"Escuela de idiomas en El Ejido","alternateName":"Eugenias Genius","potentialAction":[{"@type":"SearchAction","target":{"@type":"EntryPoint","urlTemplate":"https:\/\/www.idiomas-eugeniasgenius.com\/?s={search_term_string}"},"query-input":{"@type":"PropertyValueSpecification","valueRequired":true,"valueName":"search_term_string"}}],"inLanguage":"en-GB"},{"@type":"Person","@id":"","url":"https:\/\/www.idiomas-eugeniasgenius.com\/en\/author\/"}]}},"builder_content":"","_links":{"self":[{"href":"https:\/\/www.idiomas-eugeniasgenius.com\/en\/wp-json\/wp\/v2\/posts\/2127","targetHints":{"allow":["GET"]}}],"collection":[{"href":"https:\/\/www.idiomas-eugeniasgenius.com\/en\/wp-json\/wp\/v2\/posts"}],"about":[{"href":"https:\/\/www.idiomas-eugeniasgenius.com\/en\/wp-json\/wp\/v2\/types\/post"}],"author":[{"embeddable":true,"href":"https:\/\/www.idiomas-eugeniasgenius.com\/en\/wp-json\/wp\/v2\/users\/1"}],"replies":[{"embeddable":true,"href":"https:\/\/www.idiomas-eugeniasgenius.com\/en\/wp-json\/wp\/v2\/comments?post=2127"}],"version-history":[{"count":9,"href":"https:\/\/www.idiomas-eugeniasgenius.com\/en\/wp-json\/wp\/v2\/posts\/2127\/revisions"}],"predecessor-version":[{"id":2138,"href":"https:\/\/www.idiomas-eugeniasgenius.com\/en\/wp-json\/wp\/v2\/posts\/2127\/revisions\/2138"}],"wp:featuredmedia":[{"embeddable":true,"href":"https:\/\/www.idiomas-eugeniasgenius.com\/en\/wp-json\/wp\/v2\/media\/2133"}],"wp:attachment":[{"href":"https:\/\/www.idiomas-eugeniasgenius.com\/en\/wp-json\/wp\/v2\/media?parent=2127"}],"wp:term":[{"taxonomy":"category","embeddable":true,"href":"https:\/\/www.idiomas-eugeniasgenius.com\/en\/wp-json\/wp\/v2\/categories?post=2127"},{"taxonomy":"post_tag","embeddable":true,"href":"https:\/\/www.idiomas-eugeniasgenius.com\/en\/wp-json\/wp\/v2\/tags?post=2127"}],"curies":[{"name":"wp","href":"https:\/\/api.w.org\/{rel}","templated":true}]}}